{"id":771,"date":"2023-03-22T14:07:14","date_gmt":"2023-03-22T13:07:14","guid":{"rendered":"https:\/\/erasmusxxi.eu\/?p=771"},"modified":"2023-03-22T16:22:34","modified_gmt":"2023-03-22T15:22:34","slug":"erasme-na-jamais-ete-a-louvain-la-neuve","status":"publish","type":"post","link":"https:\/\/erasmusxxi.eu\/index.php\/fr\/2023\/03\/22\/erasme-na-jamais-ete-a-louvain-la-neuve\/","title":{"rendered":"\u00c9rasme n&#8217;a jamais \u00e9t\u00e9 \u00e0 Louvain-la-Neuve"},"content":{"rendered":"\n<p>Hier apr\u00e8s-midi, j&#8217;ai travers\u00e9 \u00e0 v\u00e9lo le vieux Leuven m\u00e9di\u00e9val, o\u00f9 Erasmus a v\u00e9cu et o\u00f9 j&#8217;ai visit\u00e9 le b\u00e2timent Erasmus en octobre dernier. Ces rues me semblaient famili\u00e8res, mais je me dirigeais vers le nouveau Louvain, Louvain-la-Neuve, \u00e0 25 km au sud. Lorsque la KU Leuven est devenue n\u00e9erlandophone apr\u00e8s la guerre, les Wallons ont fond\u00e9 une nouvelle Leuven, Louvain avec un fanatisme qu&#8217;\u00c9rasme n&#8217;aurait peut-\u00eatre pas beaucoup appr\u00e9ci\u00e9. Et cette UCL a aussi un <a rel=\"noreferrer noopener\" href=\"https:\/\/uclouvain.be\/fr\/instituts-recherche\/ilc\/contact-et-acces.html\" target=\"_blank\">Coll\u00e8ge \u00c9rasme<\/a>, l&#8217;Institut Langage et Communication.<\/p>\n\n\n\n<div class=\"wp-block-columns is-layout-flex wp-container-core-columns-is-layout-9d6595d7 wp-block-columns-is-layout-flex\">\n<div class=\"wp-block-column is-layout-flow wp-block-column-is-layout-flow\">\n<figure class=\"wp-block-image size-large\"><img loading=\"lazy\" decoding=\"async\" width=\"679\" height=\"1024\" src=\"https:\/\/erasmusxxi.eu\/wp-content\/uploads\/2023\/03\/College-Erasme-LLN-k-679x1024.jpg\" alt=\"\" class=\"wp-image-768\" srcset=\"https:\/\/erasmusxxi.eu\/wp-content\/uploads\/2023\/03\/College-Erasme-LLN-k-679x1024.jpg 679w, https:\/\/erasmusxxi.eu\/wp-content\/uploads\/2023\/03\/College-Erasme-LLN-k-199x300.jpg 199w, https:\/\/erasmusxxi.eu\/wp-content\/uploads\/2023\/03\/College-Erasme-LLN-k.jpg 719w\" sizes=\"auto, (max-width: 679px) 100vw, 679px\" \/><\/figure>\n<\/div>\n\n\n\n<div class=\"wp-block-column is-layout-flow wp-block-column-is-layout-flow\">\n<figure class=\"wp-block-image size-large\"><img loading=\"lazy\" decoding=\"async\" width=\"675\" height=\"1024\" src=\"https:\/\/erasmusxxi.eu\/wp-content\/uploads\/2023\/03\/In-het-College-Erasme-LLN-k-675x1024.jpg\" alt=\"\" class=\"wp-image-769\" srcset=\"https:\/\/erasmusxxi.eu\/wp-content\/uploads\/2023\/03\/In-het-College-Erasme-LLN-k-675x1024.jpg 675w, https:\/\/erasmusxxi.eu\/wp-content\/uploads\/2023\/03\/In-het-College-Erasme-LLN-k-198x300.jpg 198w, https:\/\/erasmusxxi.eu\/wp-content\/uploads\/2023\/03\/In-het-College-Erasme-LLN-k.jpg 720w\" sizes=\"auto, (max-width: 675px) 100vw, 675px\" \/><\/figure>\n<\/div>\n<\/div>\n\n\n\n<p>Hier soir, j&#8217;ai mang\u00e9 \u00e0 Louvain-la-Neuve, une ville aux b\u00e2timents tous diff\u00e9rents, mais qui se ressemblent tous parce qu&#8217;ils ont le m\u00eame \u00e2ge. Une ville habit\u00e9e par des \u00e9tudiants et des universitaires. Ce matin, je me suis rendu \u00e0 v\u00e9lo au Coll\u00e8ge \u00c9rasme. Mon calculateur d&#8217;itin\u00e9raire indiquait, devant un b\u00e2timent sans inscription, que j&#8217;\u00e9tais arriv\u00e9 \u00e0 destination, ce qui, apr\u00e8s v\u00e9rification, s&#8217;est av\u00e9r\u00e9 exact.<\/p>\n\n\n\n<p>Une \u00e9tudiante est heureuse de me parler d&#8217;\u00c9rasme, mais je dois ensuite marcher avec elle, car elle a encore cinq minutes pour d\u00e9poser son papier. Dans la bo\u00eete aux lettres en question, il y a d&#8217;autres \u00e9tudiants avec leurs rapports. Ensemble, ils en savent pas mal plus sur \u00c9rasme, notamment qu&#8217;il n&#8217;a jamais visit\u00e9 Louvain-la-Neuve. Cette derni\u00e8re remarque j&#8217;entends chaque fois de la part d&#8217;autres personnes, mais \u00c9rasme n&#8217;aurait sans doute pas accord\u00e9 beaucoup d&#8217;importance \u00e0 l&#8217;endroit o\u00f9 il s&#8217;\u00e9tait rendu, car &#8220;<em>la distance s\u00e9pare les corps, mais pas les esprits<\/em>&#8220;.<\/p>\n\n\n\n<p>Maintenant que son papier a \u00e9t\u00e9 d\u00e9pose, mon \u00e9tudiante a encore le temps de me photographier devant la seule r\u00e9f\u00e9rence visible \u00e0 \u00c9rasme dans le b\u00e2timent et de m&#8217;indiquer le monogramme d&#8217;Albrecht D\u00fcrer.<\/p>\n","protected":false},"excerpt":{"rendered":"<p>Hier apr\u00e8s-midi, j&#8217;ai travers\u00e9 \u00e0 v\u00e9lo le vieux Leuven m\u00e9di\u00e9val, o\u00f9 Erasmus a v\u00e9cu et o\u00f9 j&#8217;ai visit\u00e9 le b\u00e2timent Erasmus en octobre dernier. Ces rues me semblaient famili\u00e8res, mais je me dirigeais vers le nouveau Louvain, Louvain-la-Neuve, \u00e0 25 km au sud. Lorsque la KU Leuven est devenue n\u00e9erlandophone apr\u00e8s la guerre, les Wallons&hellip; <\/p>\n<div class=\"readmore-wrapper\"><a href=\"https:\/\/erasmusxxi.eu\/index.php\/fr\/2023\/03\/22\/erasme-na-jamais-ete-a-louvain-la-neuve\/\" class=\"more-link\">Lees <\/a><\/div>\n","protected":false},"author":1,"featured_media":0,"comment_status":"open","ping_status":"open","sticky":false,"template":"","format":"standard","meta":{"footnotes":""},"categories":[14],"tags":[],"class_list":["post-771","post","type-post","status-publish","format-standard","hentry","category-zonder-categorie-fr"],"_links":{"self":[{"href":"https:\/\/erasmusxxi.eu\/index.php\/wp-json\/wp\/v2\/posts\/771","targetHints":{"allow":["GET"]}}],"collection":[{"href":"https:\/\/erasmusxxi.eu\/index.php\/wp-json\/wp\/v2\/posts"}],"about":[{"href":"https:\/\/erasmusxxi.eu\/index.php\/wp-json\/wp\/v2\/types\/post"}],"author":[{"embeddable":true,"href":"https:\/\/erasmusxxi.eu\/index.php\/wp-json\/wp\/v2\/users\/1"}],"replies":[{"embeddable":true,"href":"https:\/\/erasmusxxi.eu\/index.php\/wp-json\/wp\/v2\/comments?post=771"}],"version-history":[{"count":3,"href":"https:\/\/erasmusxxi.eu\/index.php\/wp-json\/wp\/v2\/posts\/771\/revisions"}],"predecessor-version":[{"id":775,"href":"https:\/\/erasmusxxi.eu\/index.php\/wp-json\/wp\/v2\/posts\/771\/revisions\/775"}],"wp:attachment":[{"href":"https:\/\/erasmusxxi.eu\/index.php\/wp-json\/wp\/v2\/media?parent=771"}],"wp:term":[{"taxonomy":"category","embeddable":true,"href":"https:\/\/erasmusxxi.eu\/index.php\/wp-json\/wp\/v2\/categories?post=771"},{"taxonomy":"post_tag","embeddable":true,"href":"https:\/\/erasmusxxi.eu\/index.php\/wp-json\/wp\/v2\/tags?post=771"}],"curies":[{"name":"wp","href":"https:\/\/api.w.org\/{rel}","templated":true}]}}